{"id":259,"date":"2024-06-15T20:49:14","date_gmt":"2024-06-15T20:49:14","guid":{"rendered":"http:\/\/bibliotekaaleksandryjska.pl\/?p=259"},"modified":"2024-10-02T17:39:10","modified_gmt":"2024-10-02T17:39:10","slug":"slowo-bpa-m-milewskiego-na-inauguracje-biblioteki-aleksandryjskiej-w-dobrzykowie","status":"publish","type":"post","link":"https:\/\/bibliotekaaleksandryjska.pl\/index.php\/2024\/06\/15\/slowo-bpa-m-milewskiego-na-inauguracje-biblioteki-aleksandryjskiej-w-dobrzykowie\/","title":{"rendered":"S\u0142owo Bpa M. Milewskiego na inauguracj\u0119 Biblioteki Aleksandryjskiej w Dobrzykowie"},"content":{"rendered":"\n<p><\/p>\n\n\n\n<p><strong>S\u0142owo<\/strong><\/p>\n\n\n\n<p><em>biskupa pomocniczego diecezji p\u0142ockiej Miros\u0142awa Milewskiego<\/em><\/p>\n\n\n\n<p><em>na inauguracji Biblioteki Aleksandryjskiej im. \u015bw. Tomasza z Akwinu<\/em><\/p>\n\n\n\n<p><em>w Dobrzykowie<\/em><\/p>\n\n\n\n<p>Szanowni Pa\u0144stwo,<\/p>\n\n\n\n<p>serdecznie gratuluj\u0119 ksi\u0119dzu proboszczowi Jaros\u0142awowi Ferencowi i wam, dobrzykowskim parafianom pomys\u0142u za\u0142o\u017cenia biblioteki. Cho\u0107 pomys\u0142 ten mo\u017ce wydawa\u0107 si\u0119 w tych czasach bardzo niemodny, niedzisiejszy czy niewsp\u00f3\u0142czesny, my dobrze wiemy, \u017ce ksi\u0105\u017cka jest warto\u015bci\u0105, kt\u00f3rej nic nie jest w stanie zast\u0105pi\u0107, z kt\u00f3r\u0105 trudno cokolwiek por\u00f3wna\u0107. Ani Internet, ani telewizja, ani najmodniejsze aplikacje nie dor\u00f3wnaj\u0105 s\u0142owu drukowanemu w formie ksi\u0105\u017ckowej. <\/p>\n\n\n\n<p>W czasach, kiedy zamyka si\u0119 biblioteki, gdy ludzie raczej nie czytaj\u0105 ksi\u0105\u017cek, ksi\u0105dz proboszcz Jaros\u0142aw i parafia Dobrzyk\u00f3w podejmuj\u0105 si\u0119 przedsi\u0119wzi\u0119cia bardzo ryzykownego, ale potrzebnego i niezwykle warto\u015bciowego, kt\u00f3re procentowa\u0107 b\u0119dzie w przysz\u0142o\u015bci. Na mapie Dobrzykowa pojawia si\u0119 od dzi\u015b wa\u017cny punkt, mo\u017cna powiedzie\u0107 intelektualny punkt odniesienia dla mieszka\u0144c\u00f3w tej ziemi. Dobrze, \u017ce ta idea, by za\u0142o\u017cy\u0107 bibliotek\u0119 parafialn\u0105, zmaterializowa\u0142a si\u0119. Przypuszczam, \u017ce dzi\u0119ki zaanga\u017cowaniu i aktywno\u015bci lider\u00f3w, to miejsce b\u0119dzie przyci\u0105ga\u0142o z czasem przyci\u0105ga\u0142o r\u00f3\u017cne osoby, kt\u00f3re b\u0119d\u0105 wraca\u0142y do wypo\u017cyczania i czytania ksi\u0105\u017cek.  <\/p>\n\n\n\n<p>Ksi\u0105dz proboszcz Jaros\u0142aw kilka tygodni temu opowiada\u0142 mi, ile zdrowia, ile szperania w antykwariatach wymaga\u0142o zgromadzenie tak wielu ksi\u0105\u017cek, z tak wielu dziedzin. Ale to jest dobry trud i wierz\u0119 g\u0142\u0119boko \u2013 przywo\u0142uj\u0105c por\u00f3wnanie do gleby i ziarna \u2013 \u017ce z tego zasiewanego dzi\u015b ziarna, b\u0119d\u0105 kiedy\u015b plony. Jak pisa\u0142 John Senior, w ksi\u0105\u017cce <em>Upadek i odbudowa kultury chrze\u015bcija\u0144skiej<\/em>, trzeba mie\u0107 oko\u0142o tysi\u0105ca ksi\u0105\u017cek, \u017ceby ta uprawa by\u0142a skuteczna. Tu jest o wiele wi\u0119cej.<\/p>\n\n\n\n<p>Nazwa biblioteki jest intryguj\u0105ca \u2013 \u201eBiblioteka Aleksandryjska\u201d. Kto\u015b powie, \u017ce przecie\u017c powinno by\u0107 \u201eBiblioteka Dobrzykowska\u201d albo \u201eBiblioteka Parafialna\u201d. Ta nazwa inspiruje i daje do my\u015blenia. Biblioteka Aleksandryjska to by\u0142a kiedy\u015b najwi\u0119ksza biblioteka \u015bwiata, niezwykle wp\u0142ywowa. Nazwa jest nieprzypadkowa, ale i patron jest nieprzypadkowy, bo \u015bw. Tomasz z Akwinu to prawdopodobnie najwi\u0119kszy my\u015bliciel w historii Ko\u015bcio\u0142a katolickiego, w historii my\u015bli chrze\u015bcija\u0144skiej.<\/p>\n\n\n\n<p>\u017bycz\u0119 Bibliotece Aleksandryjskiej im. \u015bw. Tomasza z Akwinu w Dobrzykowie wytrwa\u0142o\u015bci dzia\u0142aniu, konsekwencji w realizacji zamierzonej misji i czytelnik\u00f3w. Zagl\u0105dajcie tu jak najcz\u0119\u015bciej i wypo\u017cyczajcie ksi\u0105\u017cki. &nbsp;Jeszcze raz gratuluj\u0119 pomys\u0142u i dzi\u0119kuj\u0119 za tak liczn\u0105 obecno\u015b\u0107.<\/p>\n","protected":false},"excerpt":{"rendered":"<p> Biblioteka Aleksandryjska to by\u0142a kiedy\u015b najwi\u0119ksza biblioteka \u015bwiata, niezwykle wp\u0142ywowa. Nazwa jest nieprzypadkowa, ale i patron jest nieprzypadkowy, bo \u015bw. Tomasz z Akwinu to prawdopodobnie najwi\u0119kszy my\u015bliciel w historii Ko\u015bcio\u0142a katolickiego, w historii my\u015bli chrze\u015bcija\u0144skiej.<\/p>\n","protected":false},"author":1,"featured_media":212,"comment_status":"open","ping_status":"open","sticky":false,"template":"","format":"standard","meta":{"footnotes":""},"categories":[1],"tags":[],"class_list":["post-259","post","type-post","status-publish","format-standard","has-post-thumbnail","hentry","category-uncategorized"],"_links":{"self":[{"href":"https:\/\/bibliotekaaleksandryjska.pl\/index.php\/wp-json\/wp\/v2\/posts\/259","targetHints":{"allow":["GET"]}}],"collection":[{"href":"https:\/\/bibliotekaaleksandryjska.pl\/index.php\/wp-json\/wp\/v2\/posts"}],"about":[{"href":"https:\/\/bibliotekaaleksandryjska.pl\/index.php\/wp-json\/wp\/v2\/types\/post"}],"author":[{"embeddable":true,"href":"https:\/\/bibliotekaaleksandryjska.pl\/index.php\/wp-json\/wp\/v2\/users\/1"}],"replies":[{"embeddable":true,"href":"https:\/\/bibliotekaaleksandryjska.pl\/index.php\/wp-json\/wp\/v2\/comments?post=259"}],"version-history":[{"count":3,"href":"https:\/\/bibliotekaaleksandryjska.pl\/index.php\/wp-json\/wp\/v2\/posts\/259\/revisions"}],"predecessor-version":[{"id":287,"href":"https:\/\/bibliotekaaleksandryjska.pl\/index.php\/wp-json\/wp\/v2\/posts\/259\/revisions\/287"}],"wp:featuredmedia":[{"embeddable":true,"href":"https:\/\/bibliotekaaleksandryjska.pl\/index.php\/wp-json\/wp\/v2\/media\/212"}],"wp:attachment":[{"href":"https:\/\/bibliotekaaleksandryjska.pl\/index.php\/wp-json\/wp\/v2\/media?parent=259"}],"wp:term":[{"taxonomy":"category","embeddable":true,"href":"https:\/\/bibliotekaaleksandryjska.pl\/index.php\/wp-json\/wp\/v2\/categories?post=259"},{"taxonomy":"post_tag","embeddable":true,"href":"https:\/\/bibliotekaaleksandryjska.pl\/index.php\/wp-json\/wp\/v2\/tags?post=259"}],"curies":[{"name":"wp","href":"https:\/\/api.w.org\/{rel}","templated":true}]}}